[{"@context":"https:\/\/schema.org\/","@type":"Article","@id":"https:\/\/www.dragsters.cz\/mate-atypicky-dum-pro-nas-neni-nic-prekazkou\/#Article","mainEntityOfPage":"https:\/\/www.dragsters.cz\/mate-atypicky-dum-pro-nas-neni-nic-prekazkou\/","headline":"M\u00e1te atypick\u00fd d\u016fm? Pro n\u00e1s nen\u00ed nic p\u0159ek\u00e1\u017ekou","name":"M\u00e1te atypick\u00fd d\u016fm? Pro n\u00e1s nen\u00ed nic p\u0159ek\u00e1\u017ekou","description":"Vlastn\u00edte d\u016fm, kter\u00fd je velmi atypick\u00fd a v\u00fdb\u011br kuchyn\u011b, \u010di ob\u00fdvac\u00ed st\u011bny je v\u017edy pro s\u00e9riov\u00e9 v\u00fdrobky p\u0159ek\u00e1\u017ekou? Potom nev\u00e1hejte a vyu\u017eijte n\u00e1bytek Plze\u0148, kde v\u00e1m v\u017edy zhotov\u00edme to, co p\u0159esn\u011b bude pasovat do va\u0161eho interi\u00e9ru. Pro n\u00e1s nic nen\u00ed p\u0159ek\u00e1\u017ekou a v\u00e1\u0161 domov se prom\u011bn\u00ed v o\u00e1zu klidu, kde r\u00e1di budete tr\u00e1vit sv\u016fj drahocenn\u00fd [&hellip;]","datePublished":"2025-01-10","dateModified":"2025-01-10","author":{"@type":"Person","@id":"https:\/\/www.dragsters.cz\/author\/#Person","name":"","url":"https:\/\/www.dragsters.cz\/author\/","identifier":1,"image":{"@type":"ImageObject","@id":"https:\/\/secure.gravatar.com\/avatar\/2b882a21216b34ba28e79730eea9356b725e9a0bf9885ae3bedd792ae606fb10?s=96&d=mm&r=g","url":"https:\/\/secure.gravatar.com\/avatar\/2b882a21216b34ba28e79730eea9356b725e9a0bf9885ae3bedd792ae606fb10?s=96&d=mm&r=g","height":96,"width":96}},"publisher":{"@type":"Organization","name":"dragsters.cz","logo":{"@type":"ImageObject","@id":"\/logo.png","url":"\/logo.png","width":600,"height":60}},"url":"https:\/\/www.dragsters.cz\/mate-atypicky-dum-pro-nas-neni-nic-prekazkou\/","wordCount":182,"articleBody":" Vlastn\u00edte d\u016fm, kter\u00fd je velmi atypick\u00fd a v\u00fdb\u011br kuchyn\u011b, \u010di ob\u00fdvac\u00ed st\u011bny je v\u017edy pro s\u00e9riov\u00e9 v\u00fdrobky p\u0159ek\u00e1\u017ekou? Potom nev\u00e1hejte a vyu\u017eijte n\u00e1bytek Plze\u0148, kde v\u00e1m v\u017edy zhotov\u00edme to, co p\u0159esn\u011b bude pasovat do va\u0161eho interi\u00e9ru. Pro n\u00e1s nic nen\u00ed p\u0159ek\u00e1\u017ekou a v\u00e1\u0161 domov se prom\u011bn\u00ed v o\u00e1zu klidu, kde r\u00e1di budete tr\u00e1vit sv\u016fj drahocenn\u00fd \u010das. Pozv\u011bte p\u0159\u00e1tele do \u00fatuln\u00e9ho, luxusn\u00edho domova R\u00e1di tr\u00e1v\u00edte \u010das se sv\u00fdmi p\u0159\u00e1teli, jen se je boj\u00edte pozvat k sob\u011b dom\u016f, proto\u017ee to doma nem\u00e1te tak komfortn\u00ed jako oni? P\u0159ejete si zm\u011bnu a nev\u00edte, kde ji zrealizovat? N\u00e1bytek Plze\u0148 v\u00e1m s t\u00edm hrav\u011b porad\u00ed a vy se budete t\u011b\u0161it z ka\u017ed\u00e9 n\u00e1v\u0161t\u011bvy, kter\u00e1 p\u0159ijde. Budete py\u0161n\u00ed na v\u00e1\u0161 nov\u00fd interi\u00e9r a va\u0161i p\u0159\u00e1tel\u00e9 v\u00e1m ho budou jen z\u00e1vid\u011bt.                                                                                                                                                                                                                                                                                                                                                                                                "},{"@context":"https:\/\/schema.org\/","@type":"BreadcrumbList","itemListElement":[{"@type":"ListItem","position":1,"name":"M\u00e1te atypick\u00fd d\u016fm? Pro n\u00e1s nen\u00ed nic p\u0159ek\u00e1\u017ekou","item":"https:\/\/www.dragsters.cz\/mate-atypicky-dum-pro-nas-neni-nic-prekazkou\/#breadcrumbitem"}]}]