[{"@context":"https:\/\/schema.org\/","@type":"Article","@id":"https:\/\/www.dragsters.cz\/pujcovna-karavanu\/#Article","mainEntityOfPage":"https:\/\/www.dragsters.cz\/pujcovna-karavanu\/","headline":"P\u016fj\u010dovna karavan\u016f","name":"P\u016fj\u010dovna karavan\u016f","description":"Chceme V\u00e1m p\u0159edstavit staronovou mo\u017enost ubytov\u00e1n\u00ed na Va\u0161i letn\u00ed \u010di zimn\u00ed dovolen\u00e9. Tuto mo\u017enost V\u00e1m m\u016f\u017ee poskytnout na\u0161e p\u016fj\u010dovna karavan\u016f. Jsme p\u016fj\u010dovna karavan\u016f specializuj\u00edc\u00ed se na anglick\u00e9 obytn\u00e9 p\u0159\u00edv\u011bsy, kter\u00e9 poskytuj\u00ed maxim\u00e1ln\u00ed komfort, individualitu, mobilitu a svobodu. M\u00e1me k dispozici n\u011bkolik ytp\u016f karavan\u016f od 2 l\u016f\u017ekov\u00fdch do 5ti l\u016f\u017ekov\u00fdch. St\u00e1le se zvy\u0161uj\u00edc\u00ed po\u017eadavky se odr\u00e1\u017e\u00ed [&hellip;]","datePublished":"2025-01-21","dateModified":"2025-01-21","author":{"@type":"Person","@id":"https:\/\/www.dragsters.cz\/author\/#Person","name":"","url":"https:\/\/www.dragsters.cz\/author\/","identifier":1,"image":{"@type":"ImageObject","@id":"https:\/\/secure.gravatar.com\/avatar\/2b882a21216b34ba28e79730eea9356b725e9a0bf9885ae3bedd792ae606fb10?s=96&d=mm&r=g","url":"https:\/\/secure.gravatar.com\/avatar\/2b882a21216b34ba28e79730eea9356b725e9a0bf9885ae3bedd792ae606fb10?s=96&d=mm&r=g","height":96,"width":96}},"publisher":{"@type":"Organization","name":"dragsters.cz","logo":{"@type":"ImageObject","@id":"\/logo.png","url":"\/logo.png","width":600,"height":60}},"url":"https:\/\/www.dragsters.cz\/pujcovna-karavanu\/","wordCount":176,"articleBody":"Chceme V\u00e1m p\u0159edstavit staronovou mo\u017enost ubytov\u00e1n\u00ed na Va\u0161i letn\u00ed \u010di zimn\u00ed dovolen\u00e9. Tuto mo\u017enost V\u00e1m m\u016f\u017ee poskytnout na\u0161e p\u016fj\u010dovna karavan\u016f.Jsme p\u016fj\u010dovna karavan\u016f specializuj\u00edc\u00ed se na anglick\u00e9 obytn\u00e9 p\u0159\u00edv\u011bsy, kter\u00e9 poskytuj\u00ed maxim\u00e1ln\u00ed komfort, individualitu, mobilitu a svobodu. M\u00e1me k dispozici n\u011bkolik ytp\u016f karavan\u016f od 2 l\u016f\u017ekov\u00fdch do 5ti l\u016f\u017ekov\u00fdch. St\u00e1le se zvy\u0161uj\u00edc\u00ed po\u017eadavky se odr\u00e1\u017e\u00ed v za\u0159\u00edzen\u00ed a zpracov\u00e1n\u00ed karavan\u016f. K b\u011b\u017en\u00e9mu komfortu pat\u0159\u00ed i vnit\u0159n\u00ed vybaven\u00ed a mo\u017enost va\u0159en\u00ed na plynov\u00e9m va\u0159i\u010di, vyu\u017eit\u00ed vlastn\u00edho soci\u00e1ln\u00edho za\u0159\u00edzen\u00ed a sprchov\u00e9ho koutu. P\u016fj\u010dovna karavan\u016f zaji\u0161\u0165uje individu\u00e1ln\u00ed p\u0159\u00edstup k Va\u0161im konkr\u00e9tn\u00edm po\u017eadavk\u016fmPodm\u00ednky zap\u016fj\u010den\u00ed karavanuPokud je V\u00e1m 25 let a v\u00fd\u0161e, vlastn\u00edte \u0159idi\u010dsk\u00fd pr\u016fkaz, jste sv\u00e9pravn\u00fd, po Va\u0161em zkontaktov\u00e1n\u00ed zrealizujeme Va\u0161e p\u0159edstavy.                                                                                                                                                                                                                                                                                                                                                                                        2\/5 - (1 vote)        "},{"@context":"https:\/\/schema.org\/","@type":"BreadcrumbList","itemListElement":[{"@type":"ListItem","position":1,"name":"P\u016fj\u010dovna karavan\u016f","item":"https:\/\/www.dragsters.cz\/pujcovna-karavanu\/#breadcrumbitem"}]}]