[{"@context":"https:\/\/schema.org\/","@type":"Article","@id":"https:\/\/www.dragsters.cz\/uzijte-si-leto-bez-veder\/#Article","mainEntityOfPage":"https:\/\/www.dragsters.cz\/uzijte-si-leto-bez-veder\/","headline":"U\u017eijte si l\u00e9to bez veder","name":"U\u017eijte si l\u00e9to bez veder","description":"Venku pra\u017e\u00ed slunce a my rad\u0161i z\u016fstaneme zalezl\u00ed doma kde to nen\u00ed o moc lep\u0161\u00ed. Pot\u0159ebujeme pracovat na po\u010d\u00edta\u010di nebo jen relaxujeme u televize. V l\u00e9t\u011b n\u00e1m v\u0161ak tyto \u010dinnosti zt\u011b\u017euje jedna v\u011bc. A to horko. Je to obt\u011b\u017euj\u00edc\u00ed, ale ned\u00e1 se s t\u00edm nic d\u011blat. Nav\u00edc kv\u016fli nar\u016fstaj\u00edc\u00ed teplot\u011b na planet\u011b, kter\u00e1 se ka\u017ed\u00fd [&hellip;]","datePublished":"2018-06-08","dateModified":"2023-04-30","author":{"@type":"Person","@id":"https:\/\/www.dragsters.cz\/author\/#Person","name":"","url":"https:\/\/www.dragsters.cz\/author\/","identifier":1,"image":{"@type":"ImageObject","@id":"https:\/\/secure.gravatar.com\/avatar\/2b882a21216b34ba28e79730eea9356b725e9a0bf9885ae3bedd792ae606fb10?s=96&d=mm&r=g","url":"https:\/\/secure.gravatar.com\/avatar\/2b882a21216b34ba28e79730eea9356b725e9a0bf9885ae3bedd792ae606fb10?s=96&d=mm&r=g","height":96,"width":96}},"publisher":{"@type":"Organization","name":"dragsters.cz","logo":{"@type":"ImageObject","@id":"\/logo.png","url":"\/logo.png","width":600,"height":60}},"image":{"@type":"ImageObject","@id":"https:\/\/www.dragsters.cz\/wp-content\/uploads\/img_a322196_w2440_t1533713183.jpg","url":"https:\/\/www.dragsters.cz\/wp-content\/uploads\/img_a322196_w2440_t1533713183.jpg","height":0,"width":0},"url":"https:\/\/www.dragsters.cz\/uzijte-si-leto-bez-veder\/","about":["Elektro"],"wordCount":426,"articleBody":"Venku pra\u017e\u00ed slunce a my rad\u0161i z\u016fstaneme zalezl\u00ed doma kde to nen\u00ed o moc lep\u0161\u00ed. Pot\u0159ebujeme pracovat na po\u010d\u00edta\u010di nebo jen relaxujeme u televize. V l\u00e9t\u011b n\u00e1m v\u0161ak tyto \u010dinnosti zt\u011b\u017euje jedna v\u011bc. A to horko. Je to obt\u011b\u017euj\u00edc\u00ed, ale ned\u00e1 se s t\u00edm nic d\u011blat. Nav\u00edc kv\u016fli nar\u016fstaj\u00edc\u00ed teplot\u011b na planet\u011b, kter\u00e1 se ka\u017ed\u00fd rokem zvy\u0161uje se st\u00e1v\u00e1 horko nesnesiteln\u00e9 i ve v\u00fd\u0161e polo\u017een\u00fdch m\u00edstech. Proto je zapot\u0159eb\u00ed zakro\u010dit. Vhodn\u00fdm \u0159e\u0161en\u00edm je klimatizace, zde se m\u016f\u017ee ov\u0161em zvednout vlna nesouhlasu. Jeliko\u017e ka\u017ed\u00fd nen\u00ed tomuto za\u0159\u00edzen\u00ed \u00fapln\u011b naklon\u011bn. M\u00e1 velkou spot\u0159ebu energie, p\u0159isp\u00edv\u00e1 ke vzniku uhl\u00edkov\u00e9 stopy, a nav\u00edc obsahuje l\u00e1tky, kter\u00e9 nejsou zdrav\u00ed ani p\u0159\u00edrod\u011b p\u0159\u00edli\u0161 prosp\u011b\u0161n\u00e9. Freony a jin\u00e9 l\u00e1tky, kter\u00e9 vyu\u017e\u00edv\u00e1 klimatizace k chlazen\u00ed m\u016f\u017eou m\u00edt nebezpe\u010dn\u00fd dopad. Dnes je v\u0161ak v\u011bt\u0161ina klimatizac\u00ed vyr\u00e1b\u011bn\u00fdch na co nej\u0161etrn\u011bj\u0161\u00ed b\u00e1zi. To by m\u011blo zabr\u00e1nit n\u00e1sledn\u00fdm \u00fanik\u016fm t\u011bchto l\u00e1tek do voln\u00e9 p\u0159\u00edrody. V\u00fdrobci se nav\u00edc sna\u017e\u00ed tyto za\u0159\u00edzen\u00ed vyr\u00e1b\u011bt s r\u016fzn\u00fdmi ekonomick\u00fdmi m\u00f3dy, kdy sp\u00ednaj\u00ed pouze tehdy pokud teplota vzroste nad po\u017eadovanou \u00farove\u0148. Jak vybrat tu pravou? V\u00fdb\u011br t\u00e9 spr\u00e1vn\u00e9 je o n\u011bco n\u00e1ro\u010dn\u011bj\u0161\u00ed v\u011bc. Trh je p\u0159esycen t\u00edmto zbo\u017e\u00edm hlavn\u011b v letn\u00edch m\u011bs\u00edc\u00edch, jeliko\u017e popt\u00e1vka po klimatizac\u00edch roste. Jak ale vybrat tu spr\u00e1vnou? K p\u0159ekvapen\u00ed v\u0161ech jde zase jen o cenu. V\u00fdrobci se sna\u017e\u00ed uspokojit pot\u0159eby \u0159adov\u00fdch z\u00e1kazn\u00edk\u016f, ale tak\u00e9 t\u011bch movit\u011bj\u0161\u00edch. Pro standardn\u00ed ochlazen\u00ed posta\u010d\u00ed z\u00e1kladn\u00ed klimatizace. Ta se skl\u00e1d\u00e1 ze dvou \u010d\u00e1sti. Prvn\u00ed je pevn\u011b zabudovan\u00e1 venku a pouze vzduch nas\u00e1v\u00e1, zat\u00edmco druh\u00e1 \u010d\u00e1st z\u00edskan\u00fd venkovn\u00ed vzduch zpracov\u00e1v\u00e1 a ochlazuje jej na po\u017eadovanou teplotu. Tato klimatizace m\u00e1 pouze manu\u00e1ln\u00ed ovl\u00e1d\u00e1n\u00ed, ale bohat\u011b posta\u010d\u00ed pro \u00falevu od veder. Jestli se rozhodnete pro dra\u017e\u0161\u00ed variantu m\u016f\u017eete se t\u011b\u0161it z automatick\u00fdch program\u016f, d\u00e1lkov\u00e9ho ovl\u00e1d\u00e1n\u00ed nebo p\u0159\u00eddavn\u00e9ho topn\u00e9ho t\u011blesa. To v\u00e1m pom\u016f\u017ee v obdob\u00edch mezi kon\u010d\u00edc\u00edm l\u00e9tem a za\u010d\u00ednaj\u00edc\u00edm podzimem.                                                                                                                                                                                                                                                                                                                                                                                         5\/5 - (5 votes)        "},{"@context":"https:\/\/schema.org\/","@type":"BreadcrumbList","itemListElement":[{"@type":"ListItem","position":1,"name":"U\u017eijte si l\u00e9to bez veder","item":"https:\/\/www.dragsters.cz\/uzijte-si-leto-bez-veder\/#breadcrumbitem"}]}]